{"id":281,"date":"2021-06-15T08:50:00","date_gmt":"2021-06-15T08:50:00","guid":{"rendered":"https:\/\/campusfrassinetti.irmasdoroteias.pt\/?p=281"},"modified":"2026-03-11T12:22:59","modified_gmt":"2026-03-11T12:22:59","slug":"cronograma-campusfrassinetti","status":"publish","type":"post","link":"https:\/\/campusfrassinetti.irmasdoroteias.pt\/?p=281","title":{"rendered":"Cronograma &#8211; Campusfrassinetti"},"content":{"rendered":"\n<!--\n<p>Encontra-se dispon\u00edvel as datas dos formul\u00e1rios de inscri\u00e7\u00e3o relativos aos Campusfrassinetti. Neste mesmo local poder\u00e1 consultar tamb\u00e9m as datas e localiza\u00e7\u00e3o dos respetivos campus.   <\/p>\n\n<p>Encontra-se dispon\u00edvel as datas e locais da realiza\u00e7\u00e3o dos campus.<\/p>-->\n\n\n\n<!-- CAMPO ESCONDIDO ATE SABER DATAS DE INSCRICAO\n<font color=\"#ff8400\" size=\"3\"><p>Data de abertura dos formul\u00e1rios de inscri\u00e7\u00e3o Campusfrassinetti <\/p><\/font>\n-->\n\n\n\n<!--\n<figure class=\"wp-block-table is-style-stripes\"><table class=\"has-subtle-pale-pink-background-color has-background\"><tbody><tr><td><strong>Campus<\/strong><\/td><td><strong>Data de formul\u00e1rio de inscri\u00e7\u00e3o<\/strong><br><font color=\"red\" size=\"3\"><em>(dispon\u00edvel \u00e0s 09.00h do primeiro dia)<\/em><\/font><\/td><td><\/td><\/tr><tr><td>Far\u00f3is<\/td><td>[16junho - 18junho]<\/td><td><div class=\"wp-block-button\"><a class=\"wp-block-button__link has-text-color has-very-dark-gray-color has-background has-very-light-gray-background-color\" style=\"border-radius:6px\">Fechado<\/a><\/div><\/td><\/tr><tr><td>Freixos<\/td><td>[18junho - 20junho]<\/td><td><div class=\"wp-block-button\"><a class=\"wp-block-button__link has-text-color has-very-dark-gray-color has-background has-very-light-gray-background-color\" style=\"border-radius:6px\">Fechado<\/a><\/div><\/td><\/tr><tr><td>Vigias<\/td><td>[21junho - 23junho]<\/td><td><div class=\"wp-block-button\"><a class=\"wp-block-button__link has-text-color has-very-dark-gray-color has-background has-very-light-gray-background-color\" style=\"border-radius:6px\">Fechado<\/a><\/div><\/td><\/tr><\/tbody><\/table><\/figure>\n-->\n\n\n\n<h2 style=\"color:white;padding: 10px;background-color:#17a2b8!important;border-radius: 5px; height:70px;\">Data e locais da realiza\u00e7\u00e3o dos  Campusfrassinetti<\/h2>\n\n\n\n<figure class=\"wp-block-table is-style-stripes\"><table class=\"has-background\" style=\"background-color:#e7f5fe\"><tbody><tr><td><strong>Campus<\/strong><\/td><td><strong>Local<\/strong><\/td><td><strong>Data da realiza\u00e7\u00e3o <\/strong><\/td><td> <strong>Data de inscri\u00e7\u00e3o<\/strong><\/td><\/tr><tr><td><strong>Vigias<\/strong> (5\u00ba e 6\u00ba anos)<\/td><td>Sard\u00e3o<\/td><td>05 a 11 de julho 2026<\/td><td>16.03.2026 <br>(in\u00edcio 09.00h)<\/td><\/tr><tr><td><strong>Vigias <\/strong>(5\u00ba e 6\u00ba anos)<\/td><td>Linh\u00f3<\/td><td>26 de julho a 01 de agosto 2026<\/td><td>16.03.2026 <br>(in\u00edcio 09.00h)<\/td><\/tr><tr><td><strong>Freixos <\/strong>(7\u00ba, 8\u00ba e 9\u00ba anos)<\/td><td>Linh\u00f3<\/td><td>19 a 25 de julho 2026<\/td><td>23.03.2026 <br>(in\u00edcio 09.00h)<\/td><\/tr><tr><td><strong>Far\u00f3is <\/strong>(10\u00ba, 11\u00ba e 12\u00ba anos)<\/td><td>Viseu<\/td><td>26 de julho a 01 de agosto 2026<\/td><td>07.04.2026 <br>(in\u00edcio 09.00h)<\/td><\/tr><\/tbody><\/table><\/figure>\n\n\n\n<p><\/p>\n\n\n\n<p><\/p>\n","protected":false},"excerpt":{"rendered":"<p>Data e locais da realiza\u00e7\u00e3o dos Campusfrassinetti Campus Local Data da realiza\u00e7\u00e3o Data de inscri\u00e7\u00e3o Vigias (5\u00ba e 6\u00ba anos) Sard\u00e3o 05 a 11 de<span class=\"read-more-link\"><a class=\"read-more\" href=\"https:\/\/campusfrassinetti.irmasdoroteias.pt\/?p=281\">Read More<\/a><\/span><\/p>\n","protected":false},"author":1,"featured_media":288,"comment_status":"closed","ping_status":"closed","sticky":false,"template":"","format":"standard","meta":[],"categories":[13,5,12],"tags":[],"_links":{"self":[{"href":"https:\/\/campusfrassinetti.irmasdoroteias.pt\/index.php?rest_route=\/wp\/v2\/posts\/281"}],"collection":[{"href":"https:\/\/campusfrassinetti.irmasdoroteias.pt\/index.php?rest_route=\/wp\/v2\/posts"}],"about":[{"href":"https:\/\/campusfrassinetti.irmasdoroteias.pt\/index.php?rest_route=\/wp\/v2\/types\/post"}],"author":[{"embeddable":true,"href":"https:\/\/campusfrassinetti.irmasdoroteias.pt\/index.php?rest_route=\/wp\/v2\/users\/1"}],"replies":[{"embeddable":true,"href":"https:\/\/campusfrassinetti.irmasdoroteias.pt\/index.php?rest_route=%2Fwp%2Fv2%2Fcomments&post=281"}],"version-history":[{"count":59,"href":"https:\/\/campusfrassinetti.irmasdoroteias.pt\/index.php?rest_route=\/wp\/v2\/posts\/281\/revisions"}],"predecessor-version":[{"id":660,"href":"https:\/\/campusfrassinetti.irmasdoroteias.pt\/index.php?rest_route=\/wp\/v2\/posts\/281\/revisions\/660"}],"wp:featuredmedia":[{"embeddable":true,"href":"https:\/\/campusfrassinetti.irmasdoroteias.pt\/index.php?rest_route=\/wp\/v2\/media\/288"}],"wp:attachment":[{"href":"https:\/\/campusfrassinetti.irmasdoroteias.pt\/index.php?rest_route=%2Fwp%2Fv2%2Fmedia&parent=281"}],"wp:term":[{"taxonomy":"category","embeddable":true,"href":"https:\/\/campusfrassinetti.irmasdoroteias.pt\/index.php?rest_route=%2Fwp%2Fv2%2Fcategories&post=281"},{"taxonomy":"post_tag","embeddable":true,"href":"https:\/\/campusfrassinetti.irmasdoroteias.pt\/index.php?rest_route=%2Fwp%2Fv2%2Ftags&post=281"}],"curies":[{"name":"wp","href":"https:\/\/api.w.org\/{rel}","templated":true}]}}